{"id":996,"date":"2017-01-31T15:05:38","date_gmt":"2017-01-31T14:05:38","guid":{"rendered":"http:\/\/lynx-medias.fr\/site\/?p=996"},"modified":"2017-01-31T15:10:59","modified_gmt":"2017-01-31T14:10:59","slug":"existe-t-cellule-familiale-bruit","status":"publish","type":"post","link":"http:\/\/lynx-medias.fr\/site\/existe-t-cellule-familiale-bruit\/","title":{"rendered":"Dans la cellule familiale, rien n&rsquo;arr\u00eate le bruit"},"content":{"rendered":"<h4>Rares sont ceux qui n&rsquo;ont jamais \u00e9t\u00e9 g\u00ean\u00e9s par les bruits de leurs voisins. Mais plus rares encore sont ceux qui n&rsquo;ont jamais \u00e9t\u00e9 g\u00ean\u00e9s par le bruit de sa propre famille. Car \u00e0 l&rsquo;int\u00e9rieur de la cellule familiale, le bruit a officiellement droit de r\u00e9gner.<\/h4>\n<p><a href=\"http:\/\/www.tns-sofres.com\/publications\/les-francais-et-les-nuisances-sonores\">D&rsquo;apr\u00e8s une enqu\u00eate de TNS-Sofres de 2010<\/a>, deux Fran\u00e7ais sur trois d\u00e9clarent \u00eatre personnellement g\u00ean\u00e9s par le bruit \u00e0 leur domicile.<\/p>\n<p>Dans une \u00e9tude publi\u00e9e en 2016, <a href=\"http:\/\/www.bruit.fr\/cout-social-du-bruit-en-france-57-milliards-deuros.html\">le Conseil national du bruit \u00e9value le co\u00fbt social du bruit en France \u00e0 57 milliards d&rsquo;euros annuels<\/a>. Ce co\u00fbt prend diverses formes\u00a0: d\u00e9penses de sant\u00e9 en raison par exemple de l&rsquo;augmentation du stress, de ph\u00e9nom\u00e8nes d&rsquo;insomnie ou de probl\u00e8mes auditifs, baisse de productivit\u00e9 au travail, \u00e9chec scolaire, baisse de la valeur patrimoniale des biens immobiliers&#8230;<\/p>\n<div id=\"attachment_997\" style=\"width: 690px\" class=\"wp-caption aligncenter\"><img aria-describedby=\"caption-attachment-997\" loading=\"lazy\" class=\"size-large wp-image-997\" src=\"http:\/\/lynx-medias.fr\/site\/wp-content\/uploads\/2017\/01\/Modelisation-Urbaine-1024x630.jpg\" alt=\"\" width=\"680\" height=\"418\" data-id=\"997\" srcset=\"http:\/\/lynx-medias.fr\/site\/wp-content\/uploads\/2017\/01\/Modelisation-Urbaine-1024x630.jpg 1024w, http:\/\/lynx-medias.fr\/site\/wp-content\/uploads\/2017\/01\/Modelisation-Urbaine-300x185.jpg 300w, http:\/\/lynx-medias.fr\/site\/wp-content\/uploads\/2017\/01\/Modelisation-Urbaine-768x473.jpg 768w, http:\/\/lynx-medias.fr\/site\/wp-content\/uploads\/2017\/01\/Modelisation-Urbaine-600x369.jpg 600w, http:\/\/lynx-medias.fr\/site\/wp-content\/uploads\/2017\/01\/Modelisation-Urbaine.jpg 1457w\" sizes=\"(max-width: 680px) 100vw, 680px\" \/><p id=\"caption-attachment-997\" class=\"wp-caption-text\">L&rsquo;attention aux probl\u00e8mes de bruit, quand elle existe, est tourn\u00e9e essentiellement vers les bruits de transports.<br \/>Cr\u00e9dit : Acoustique Conseil<\/p><\/div>\n<p>Et pourtant&#8230; Il y a tr\u00e8s peu d&rsquo;op\u00e9rations de r\u00e9novation acoustique dans le secteur du logement. Quelques b\u00e2timents consid\u00e9r\u00e9s sur les \u00ab\u00a0points noirs du bruit\u00a0\u00bb car ils se trouvent \u00e0 proximit\u00e9 d&rsquo;une route ou d&rsquo;une voie ferr\u00e9e, quelques habitations pr\u00e8s des a\u00e9roports.<\/p>\n<h4>En retard sur les chocs<\/h4>\n<p>Qui plus est, les normes applicables en France, plut\u00f4t bonnes pour les bruits a\u00e9riens (voix, t\u00e9l\u00e9vision), sont beaucoup moins satisfaisantes pour ce qui est des bruits de chocs (pas, chutes). D&rsquo;apr\u00e8s Jean-Baptiste Ch\u00e9n\u00e9, chef de la division acoustique du Centre scientifique et technique du b\u00e2timent (CSTB), nous sommes en retard par rapport \u00e0 nombre de pays europ\u00e9ens sur ce point.<\/p>\n<p>Mais l&rsquo;un des points les plus \u00e9tonnants de la dogma acoustique actuelle, \u00e0 mon avis, et de consid\u00e9rer qu&rsquo;\u00e0 l&rsquo;int\u00e9rieur de la \u00ab\u00a0cellule familiale\u00a0\u00bb, il n&rsquo;est pas besoin d&rsquo;isolement. Au sein d&rsquo;un m\u00eame logement, il n&rsquo;existe donc aucune obligation de mettre une isolation entre deux chambres ou entre une chambre et le salon. Maintenir son intimit\u00e9 devient un d\u00e9fi. Assurer un sommeil paisible aux uns et aux autres est une gageure, notamment lorsque les membres de la famille ont un rythme de vie d\u00e9cal\u00e9 dans le temps.<\/p>\n<p><img loading=\"lazy\" class=\"aligncenter size-medium wp-image-998\" src=\"http:\/\/lynx-medias.fr\/site\/wp-content\/uploads\/2017\/01\/suffering-154637_1280-300x225.jpg\" alt=\"\" width=\"300\" height=\"225\" data-id=\"998\" srcset=\"http:\/\/lynx-medias.fr\/site\/wp-content\/uploads\/2017\/01\/suffering-154637_1280-300x225.jpg 300w, http:\/\/lynx-medias.fr\/site\/wp-content\/uploads\/2017\/01\/suffering-154637_1280-768x575.jpg 768w, http:\/\/lynx-medias.fr\/site\/wp-content\/uploads\/2017\/01\/suffering-154637_1280-1024x766.jpg 1024w, http:\/\/lynx-medias.fr\/site\/wp-content\/uploads\/2017\/01\/suffering-154637_1280-600x449.jpg 600w, http:\/\/lynx-medias.fr\/site\/wp-content\/uploads\/2017\/01\/suffering-154637_1280.jpg 1280w\" sizes=\"(max-width: 300px) 100vw, 300px\" \/><\/p>\n<h4>RT 2012 et ponts phoniques<\/h4>\n<p>Le plus g\u00eanant est que les r\u00e8gles constructives actuelles emp\u00eachent d&rsquo;avancer sur le sujet. La r\u00e9glementation thermique 2012 (RT 2012) impose de faire entrer l&rsquo;air frais par les pi\u00e8ces \u00ab\u00a0s\u00e8ches\u00a0\u00bb (chambres, salon, etc), de le faire circuler dans l&rsquo;appartement et de faire sortir l&rsquo;air vici\u00e9 par les pi\u00e8ces humides (cuisine, salle de bains, toilettes). D&rsquo;o\u00f9 la pr\u00e9sence de larges ouvertures sous les portes int\u00e9rieures du logement, pour laisser circuler l&rsquo;air. Le probl\u00e8me est que cela cr\u00e9e aussi des \u00ab\u00a0ponts phoniques\u00a0\u00bb, c&rsquo;est-\u00e0-dire des espaces de passage pour les bruits.<\/p>\n<p>Comme le font dans le logement l&rsquo;air, les cris de b\u00e9b\u00e9 et la musique de l&rsquo;adolescent, on tourne en rond.<\/p>\n","protected":false},"excerpt":{"rendered":"<p>Rares sont ceux qui n&rsquo;ont jamais \u00e9t\u00e9 g\u00ean\u00e9s par les bruits de leurs voisins. Mais plus rares encore sont ceux qui n&rsquo;ont jamais \u00e9t\u00e9 g\u00ean\u00e9s par le bruit de sa propre famille. Car \u00e0 l&rsquo;int\u00e9rieur de la cellule familiale, le bruit a officiellement droit de r\u00e9gner. D&rsquo;apr\u00e8s une enqu\u00eate de TNS-Sofres de 2010, deux Fran\u00e7ais sur trois d\u00e9clarent \u00eatre personnellement g\u00ean\u00e9s par le bruit \u00e0 leur domicile. Dans une \u00e9tude publi\u00e9e en 2016, le Conseil national du bruit \u00e9value le co\u00fbt social du bruit en France \u00e0 57 milliards d&rsquo;euros annuels. Ce co\u00fbt prend diverses formes\u00a0: d\u00e9penses de sant\u00e9 en<\/p>\n","protected":false},"author":1,"featured_media":1001,"comment_status":"open","ping_status":"open","sticky":false,"template":"","format":"standard","meta":[],"categories":[20],"tags":[],"_links":{"self":[{"href":"http:\/\/lynx-medias.fr\/site\/wp-json\/wp\/v2\/posts\/996"}],"collection":[{"href":"http:\/\/lynx-medias.fr\/site\/wp-json\/wp\/v2\/posts"}],"about":[{"href":"http:\/\/lynx-medias.fr\/site\/wp-json\/wp\/v2\/types\/post"}],"author":[{"embeddable":true,"href":"http:\/\/lynx-medias.fr\/site\/wp-json\/wp\/v2\/users\/1"}],"replies":[{"embeddable":true,"href":"http:\/\/lynx-medias.fr\/site\/wp-json\/wp\/v2\/comments?post=996"}],"version-history":[{"count":3,"href":"http:\/\/lynx-medias.fr\/site\/wp-json\/wp\/v2\/posts\/996\/revisions"}],"predecessor-version":[{"id":1002,"href":"http:\/\/lynx-medias.fr\/site\/wp-json\/wp\/v2\/posts\/996\/revisions\/1002"}],"wp:featuredmedia":[{"embeddable":true,"href":"http:\/\/lynx-medias.fr\/site\/wp-json\/wp\/v2\/media\/1001"}],"wp:attachment":[{"href":"http:\/\/lynx-medias.fr\/site\/wp-json\/wp\/v2\/media?parent=996"}],"wp:term":[{"taxonomy":"category","embeddable":true,"href":"http:\/\/lynx-medias.fr\/site\/wp-json\/wp\/v2\/categories?post=996"},{"taxonomy":"post_tag","embeddable":true,"href":"http:\/\/lynx-medias.fr\/site\/wp-json\/wp\/v2\/tags?post=996"}],"curies":[{"name":"wp","href":"https:\/\/api.w.org\/{rel}","templated":true}]}}