{"id":991,"date":"2016-12-02T12:03:33","date_gmt":"2016-12-02T11:03:33","guid":{"rendered":"http:\/\/lynx-medias.fr\/site\/?p=991"},"modified":"2016-11-30T12:05:37","modified_gmt":"2016-11-30T11:05:37","slug":"telepherique-economiser-co2-de-largent","status":"publish","type":"post","link":"http:\/\/lynx-medias.fr\/site\/telepherique-economiser-co2-de-largent\/","title":{"rendered":"Brest : un t\u00e9l\u00e9ph\u00e9rique pour \u00e9conomiser du CO2 et de l&rsquo;argent"},"content":{"rendered":"<h4>Brest vient d&rsquo;inaugurer le premier t\u00e9l\u00e9ph\u00e9rique urbain de France. Cet \u00e9quipement, au profil \u00ab\u00a0en accent circonflexe\u00a0\u00bb, a \u00e9t\u00e9 con\u00e7u de mani\u00e8re \u00e0 r\u00e9cup\u00e9rer l&rsquo;\u00e9nergie de freinage des cabines.<\/h4>\n<p>Quelques extraits d&rsquo;un article publi\u00e9 dans Energie Plus n\u00b0576 du 1er d\u00e9cembre. Pour d\u00e9couvrir l&rsquo;article en entier, <a href=\"http:\/\/atee.fr\/energie-plus-magazine\">cliquez ici<\/a>.<\/p>\n<p>Quatorze super-capacit\u00e9s ont \u00e9t\u00e9 install\u00e9es\u00a0 pour emmagasiner cette \u00e9nergie. Ils peuvent stocker \u00e0 eux tous jusqu&rsquo;\u00e0 1,8 kWh. Cela devrait couvrir 30 % des consommations \u00e9nerg\u00e9tiques annuelles de l&rsquo;installation.<\/p>\n<div id=\"attachment_993\" style=\"width: 690px\" class=\"wp-caption aligncenter\"><img aria-describedby=\"caption-attachment-993\" loading=\"lazy\" class=\"wp-image-993 size-large\" src=\"http:\/\/lynx-medias.fr\/site\/wp-content\/uploads\/2016\/11\/TelepheriqueBrest2-Station-rive-gauche-@-Sud-architectes-1024x576.jpg\" alt=\"La station rive gauche. Copyright Sud Architectes\" width=\"680\" height=\"383\" data-id=\"993\" srcset=\"http:\/\/lynx-medias.fr\/site\/wp-content\/uploads\/2016\/11\/TelepheriqueBrest2-Station-rive-gauche-@-Sud-architectes-1024x576.jpg 1024w, http:\/\/lynx-medias.fr\/site\/wp-content\/uploads\/2016\/11\/TelepheriqueBrest2-Station-rive-gauche-@-Sud-architectes-300x169.jpg 300w, http:\/\/lynx-medias.fr\/site\/wp-content\/uploads\/2016\/11\/TelepheriqueBrest2-Station-rive-gauche-@-Sud-architectes-768x432.jpg 768w, http:\/\/lynx-medias.fr\/site\/wp-content\/uploads\/2016\/11\/TelepheriqueBrest2-Station-rive-gauche-@-Sud-architectes-600x338.jpg 600w, http:\/\/lynx-medias.fr\/site\/wp-content\/uploads\/2016\/11\/TelepheriqueBrest2-Station-rive-gauche-@-Sud-architectes.jpg 1920w\" sizes=\"(max-width: 680px) 100vw, 680px\" \/><p id=\"caption-attachment-993\" class=\"wp-caption-text\">La station rive gauche. Copyright Sud Architectes<\/p><\/div>\n<h4>Le t\u00e9l\u00e9ph\u00e9rique moins cher<\/h4>\n<p>Comme soulign\u00e9 dans son dossier de presse, avant de se d\u00e9cider pour un t\u00e9l\u00e9ph\u00e9rique, Brest M\u00e9tropole a envisag\u00e9 d&rsquo;autres modes de franchissement : pont transbordeur (co\u00fbt estim\u00e9 entre 40 et 60 millions d&rsquo;euros), pont routier levant (de 40 \u00e0 100\u00a0M\u20ac), passerelle levante (de 25 \u00e0 30\u00a0M\u20ac). La liaison par c\u00e2ble type t\u00e9l\u00e9ph\u00e9rique a \u00e9t\u00e9 \u00e9valu\u00e9e entre 15 \u00e0 20\u00a0M\u20ac\u00a0; elle aura finalement co\u00fbt\u00e9 19,1 M\u20ac.<\/p>\n<p>D\u2019apr\u00e8s le minist\u00e8re de l&rsquo;Environnement, d&rsquo;autres t\u00e9l\u00e9ph\u00e9riques sont en projet \u00e0 Boulogne, Orl\u00e9ans et Toulouse et en cours d\u2019\u00e9tude \u00e0 Grenoble, Chamb\u00e9ry, Saint-\u00c9tienne, Cr\u00e9teil. Pour ses premiers tours de roues, le t\u00e9l\u00e9ph\u00e9rique de Brest sera donc plac\u00e9 sous l&rsquo;\u0153il attentif de nombreuses collectivit\u00e9s.<\/p>\n<p>A noter que le 30 novembre, apr\u00e8s avoir transport\u00e9 40 000 personnes en un peu moins de deux semaines, le t\u00e9l\u00e9ph\u00e9rique a \u00e9t\u00e9 mis \u00e0 l&rsquo;arr\u00eat en raison \u00ab\u00a0de valeurs et de param\u00e8tres li\u00e9s \u00e0 la compensation des c\u00e2bles ou \u00e0 la compensation des v\u00e9rins\u00a0\u00bb qui semblaient anormales \u00e0 l&rsquo;exploitant Keolis. <a href=\"http:\/\/www.ouest-france.fr\/bretagne\/brest-29200\/brest-le-telepherique-l-arret-pour-une-duree-indeterminee-4646787\">C&rsquo;est ce que raconte Ouest France.<\/a><\/p>\n","protected":false},"excerpt":{"rendered":"<p>Brest vient d&rsquo;inaugurer le premier t\u00e9l\u00e9ph\u00e9rique urbain de France. Cet \u00e9quipement, au profil \u00ab\u00a0en accent circonflexe\u00a0\u00bb, a \u00e9t\u00e9 con\u00e7u de mani\u00e8re \u00e0 r\u00e9cup\u00e9rer l&rsquo;\u00e9nergie de freinage des cabines. Quelques extraits d&rsquo;un article publi\u00e9 dans Energie Plus n\u00b0576 du 1er d\u00e9cembre. Pour d\u00e9couvrir l&rsquo;article en entier, cliquez ici. Quatorze super-capacit\u00e9s ont \u00e9t\u00e9 install\u00e9es\u00a0 pour emmagasiner cette \u00e9nergie. Ils peuvent stocker \u00e0 eux tous jusqu&rsquo;\u00e0 1,8 kWh. Cela devrait couvrir 30 % des consommations \u00e9nerg\u00e9tiques annuelles de l&rsquo;installation. Le t\u00e9l\u00e9ph\u00e9rique moins cher Comme soulign\u00e9 dans son dossier de presse, avant de se d\u00e9cider pour un t\u00e9l\u00e9ph\u00e9rique, Brest M\u00e9tropole a envisag\u00e9 d&rsquo;autres modes<\/p>\n","protected":false},"author":1,"featured_media":992,"comment_status":"open","ping_status":"open","sticky":false,"template":"","format":"standard","meta":[],"categories":[11],"tags":[],"_links":{"self":[{"href":"http:\/\/lynx-medias.fr\/site\/wp-json\/wp\/v2\/posts\/991"}],"collection":[{"href":"http:\/\/lynx-medias.fr\/site\/wp-json\/wp\/v2\/posts"}],"about":[{"href":"http:\/\/lynx-medias.fr\/site\/wp-json\/wp\/v2\/types\/post"}],"author":[{"embeddable":true,"href":"http:\/\/lynx-medias.fr\/site\/wp-json\/wp\/v2\/users\/1"}],"replies":[{"embeddable":true,"href":"http:\/\/lynx-medias.fr\/site\/wp-json\/wp\/v2\/comments?post=991"}],"version-history":[{"count":1,"href":"http:\/\/lynx-medias.fr\/site\/wp-json\/wp\/v2\/posts\/991\/revisions"}],"predecessor-version":[{"id":994,"href":"http:\/\/lynx-medias.fr\/site\/wp-json\/wp\/v2\/posts\/991\/revisions\/994"}],"wp:featuredmedia":[{"embeddable":true,"href":"http:\/\/lynx-medias.fr\/site\/wp-json\/wp\/v2\/media\/992"}],"wp:attachment":[{"href":"http:\/\/lynx-medias.fr\/site\/wp-json\/wp\/v2\/media?parent=991"}],"wp:term":[{"taxonomy":"category","embeddable":true,"href":"http:\/\/lynx-medias.fr\/site\/wp-json\/wp\/v2\/categories?post=991"},{"taxonomy":"post_tag","embeddable":true,"href":"http:\/\/lynx-medias.fr\/site\/wp-json\/wp\/v2\/tags?post=991"}],"curies":[{"name":"wp","href":"https:\/\/api.w.org\/{rel}","templated":true}]}}