{"id":89,"date":"2014-12-08T16:30:51","date_gmt":"2014-12-08T15:30:51","guid":{"rendered":"http:\/\/lynx-medias.fr\/site\/?p=89"},"modified":"2015-03-09T16:20:25","modified_gmt":"2015-03-09T15:20:25","slug":"versailles-gally-fermes-en-ville","status":"publish","type":"post","link":"http:\/\/lynx-medias.fr\/site\/versailles-gally-fermes-en-ville\/","title":{"rendered":"Versailles veut installer des fermes en ville"},"content":{"rendered":"<h3><strong>Comment requalifier un terrain d\u00e9laiss\u00e9 situ\u00e9 dans une zone class\u00e9e\u00a0? A Versailles, l&rsquo;initiative est venue d&rsquo;une grappe d&rsquo;entreprises, \u00e0 la grande satisfaction des \u00e9lus locaux. Le pari\u00a0: une installation agricole hors-sol qui soit \u00e9conomiquement viable.<\/strong><\/h3>\n<h4>Article paru en int\u00e9gralit\u00e9 dans Techni.Cit\u00e9s en septembre 2014. Ici ne sont publi\u00e9s que des extraits.<\/h4>\n<p>L&rsquo;histoire se d\u00e9roule sur une ancienne d\u00e9charge de d\u00e9chets de construction, situ\u00e9e quasiment dans l&rsquo;axe du grand canal du ch\u00e2teau de Versailles. Sur ce terrain p\u00e9riurbain en friche, d&rsquo;une surface de 3,5 ha, la grappe d&rsquo;entreprises Le Vivant et la Ville a mont\u00e9 un d\u00e9monstrateur d&rsquo;agriculture urbaine. Port\u00e9e par quatre des vingt-cinq adh\u00e9rents de l&rsquo;association, cette initiative comprend trois volets.<br \/>\nLe premier est une vitrine des techniques agricoles hors-sol. (&#8230;) Le second volet de l&rsquo;op\u00e9ration sera compos\u00e9 de jardins familiaux partag\u00e9s, qui fonctionneront aussi\u00a0 sur le principe du hors-sol. Ils seront ouverts en 2015.<\/p>\n<p><strong>Rentable d\u00e8s 1,5 ha<\/strong><br \/>\nLe troisi\u00e8me volet, enfin, se cache sous un grand abri climatique fait de filets et de b\u00e2ches. Il couvre actuellement 1 ha, et doit passer \u00e0 2 ha d&rsquo;ici 2016. C&rsquo;est sur lui que repose le mod\u00e8le \u00e9conomique du projet, \u00ab\u00a0qui devrait \u00eatre rentable d\u00e8s 1,5 ha. Cette installation sera exploit\u00e9e par un agriculteur professionnel\u00a0\u00bb, d\u00e9crit Alexis Lefebvre, charg\u00e9 de mission agriculture urbaine aux Jardins de Gally. (&#8230;) En raison de son c\u00f4t\u00e9 \u00ab\u00a0hors sol\u00a0\u00bb, ce mod\u00e8le peut \u00eatre implant\u00e9 sur des terrains urbains ou p\u00e9riurbains pollu\u00e9s.<\/p>\n<blockquote><p>Manuel Pluvinage, directeur g\u00e9n\u00e9ral adjoint des services de la Communaut\u00e9 d&rsquo;agglom\u00e9ration Versailles Grand Parc, se dit \u00ab\u00a0tr\u00e8s heureux de voir des entrepreneurs priv\u00e9s assurer la ma\u00eetrise d&rsquo;ouvrage de cette op\u00e9ration de reconqu\u00eate. Pour nous, l&rsquo;enjeu est aussi de pouvoir \u00e9ventuellement dupliquer l&rsquo;exp\u00e9rience sur d&rsquo;autres sites en Ile-de-France. Surtout que c&rsquo;est une installation r\u00e9versible, qui pourrait s&rsquo;installer quelques ann\u00e9es sur des terrains d\u00e9laiss\u00e9s en attendant une urbanisation\u00a0\u00bb.<\/p><\/blockquote>\n<h4>Pour aller plus loin:<\/h4>\n<p><strong>Le reportage vid\u00e9o que j&rsquo;ai r\u00e9alis\u00e9 et qui a \u00e9t\u00e9 publi\u00e9 sur le site du <a href=\"http:\/\/www.lagazettedescommunes.com\/themes\/eau-assainissement\/\">Club Technique de la Gazette des Communes<\/a>.<\/strong><\/p>\n<p>&nbsp;<\/p>\n<p><iframe loading=\"lazy\" class=\"dailymotion\" src=\"\/\/www.dailymotion.com\/embed\/video\/x28403b\" width=\"300\" height=\"150\" frameborder=\"0\" allowfullscreen=\"allowfullscreen\"><\/iframe><br \/>\n<a href=\"http:\/\/www.dailymotion.com\/video\/x28403b_versailles-hors-sol_news\" target=\"_blank\">Versailles Hors-Sol<\/a> <i>par <a href=\"http:\/\/www.dailymotion.com\/lagazettefr\" target=\"_blank\">lagazettefr<\/a><\/i><\/p>\n","protected":false},"excerpt":{"rendered":"<p>Comment requalifier un terrain d\u00e9laiss\u00e9 situ\u00e9 dans une zone class\u00e9e\u00a0? A Versailles, l&rsquo;initiative est venue d&rsquo;une grappe d&rsquo;entreprises, \u00e0 la grande satisfaction des \u00e9lus locaux. Le pari\u00a0: une installation agricole hors-sol qui soit \u00e9conomiquement viable. Article paru en int\u00e9gralit\u00e9 dans Techni.Cit\u00e9s en septembre 2014. Ici ne sont publi\u00e9s que des extraits. L&rsquo;histoire se d\u00e9roule sur une ancienne d\u00e9charge de d\u00e9chets de construction, situ\u00e9e quasiment dans l&rsquo;axe du grand canal du ch\u00e2teau de Versailles. Sur ce terrain p\u00e9riurbain en friche, d&rsquo;une surface de 3,5 ha, la grappe d&rsquo;entreprises Le Vivant et la Ville a mont\u00e9 un d\u00e9monstrateur d&rsquo;agriculture urbaine. Port\u00e9e par<\/p>\n","protected":false},"author":1,"featured_media":92,"comment_status":"open","ping_status":"open","sticky":false,"template":"","format":"standard","meta":[],"categories":[20,57],"tags":[32,33,34,31],"_links":{"self":[{"href":"http:\/\/lynx-medias.fr\/site\/wp-json\/wp\/v2\/posts\/89"}],"collection":[{"href":"http:\/\/lynx-medias.fr\/site\/wp-json\/wp\/v2\/posts"}],"about":[{"href":"http:\/\/lynx-medias.fr\/site\/wp-json\/wp\/v2\/types\/post"}],"author":[{"embeddable":true,"href":"http:\/\/lynx-medias.fr\/site\/wp-json\/wp\/v2\/users\/1"}],"replies":[{"embeddable":true,"href":"http:\/\/lynx-medias.fr\/site\/wp-json\/wp\/v2\/comments?post=89"}],"version-history":[{"count":11,"href":"http:\/\/lynx-medias.fr\/site\/wp-json\/wp\/v2\/posts\/89\/revisions"}],"predecessor-version":[{"id":510,"href":"http:\/\/lynx-medias.fr\/site\/wp-json\/wp\/v2\/posts\/89\/revisions\/510"}],"wp:featuredmedia":[{"embeddable":true,"href":"http:\/\/lynx-medias.fr\/site\/wp-json\/wp\/v2\/media\/92"}],"wp:attachment":[{"href":"http:\/\/lynx-medias.fr\/site\/wp-json\/wp\/v2\/media?parent=89"}],"wp:term":[{"taxonomy":"category","embeddable":true,"href":"http:\/\/lynx-medias.fr\/site\/wp-json\/wp\/v2\/categories?post=89"},{"taxonomy":"post_tag","embeddable":true,"href":"http:\/\/lynx-medias.fr\/site\/wp-json\/wp\/v2\/tags?post=89"}],"curies":[{"name":"wp","href":"https:\/\/api.w.org\/{rel}","templated":true}]}}