{"id":841,"date":"2016-01-22T16:15:02","date_gmt":"2016-01-22T15:15:02","guid":{"rendered":"http:\/\/lynx-medias.fr\/site\/?p=841"},"modified":"2016-03-25T16:49:19","modified_gmt":"2016-03-25T15:49:19","slug":"841-2","status":"publish","type":"post","link":"http:\/\/lynx-medias.fr\/site\/841-2\/","title":{"rendered":"Murs-Murs : M\u00eamePasPeur (vid\u00e9o)"},"content":{"rendered":"<h4>France2 a r\u00e9cemment lanc\u00e9 une nouvelle \u00e9dition de son concours de courts-m\u00e9trages documentaires <a href=\"http:\/\/www.france2.fr\/emissions\/infracourts\">Infracourts<\/a>. Le nouveau th\u00e8me : # M\u00eamePasPeur<\/h4>\n<p>A Paris, les murs du quartier du Canal Saint Martin accueillent depuis longtemps des \u0153uvres \u00e9ph\u00e9m\u00e8res, dessins de graffeurs professionnels ou de simples quidams. Avec les attentats de novembre 2015, ils se sont couverts d&rsquo;hommages et d&rsquo;appels \u00e0 la r\u00e9sistance. Ils disent la barbarie, le choc et la douleur et affirment aussi le d\u00e9sir de libert\u00e9, de convivialit\u00e9 et de fraternit\u00e9, ainsi qu&rsquo;un \u00e9lan de vie renouvel\u00e9.<\/p>\n<p>Avec Sandrine Tournigand, nous avons relev\u00e9 le d\u00e9fi du court-m\u00e9trage documentaire en faisant dialoguer les murs. Nous avons souhait\u00e9 donner ainsi la parole aux habitants meurtris du quartier tout en rendant hommage \u00e0 cette culture populaire qui fait toute sa richesse.\u00a0 Les images sont appuy\u00e9es par des paroles d&rsquo;enfants vivant alentours, qui ont particip\u00e9 tout un week-end \u00e0 la r\u00e9alisation d&rsquo;une fresque sur le mur de leur \u00e9cole.<\/p>\n<div tabindex=\"0\" class=\"cycloneslider cycloneslider-template-standard cycloneslider-width-responsive\" id=\"cycloneslider-memepaspeur-1\" style=\"max-width:960px\" > <div class=\"cycloneslider-slides cycle-slideshow\" data-cycle-allow-wrap=\"true\" data-cycle-dynamic-height=\"off\" data-cycle-auto-height=\"960:600\" data-cycle-auto-height-easing=\"null\" data-cycle-auto-height-speed=\"250\" data-cycle-delay=\"0\" data-cycle-easing=\"\" data-cycle-fx=\"fade\" data-cycle-hide-non-active=\"false\" data-cycle-log=\"false\" data-cycle-next=\"#cycloneslider-memepaspeur-1 .cycloneslider-next\" data-cycle-pager=\"#cycloneslider-memepaspeur-1 .cycloneslider-pager\" data-cycle-pause-on-hover=\"true\" data-cycle-prev=\"#cycloneslider-memepaspeur-1 .cycloneslider-prev\" data-cycle-slides=\"&gt; div\" data-cycle-speed=\"1000\" data-cycle-swipe=\"1\" data-cycle-tile-count=\"7\" data-cycle-tile-delay=\"100\" data-cycle-tile-vertical=\"true\" data-cycle-timeout=\"4000\" > <div class=\"cycloneslider-slide cycloneslider-slide-youtube\" style=\"padding-bottom:62.5%\"> <iframe id=\"cycloneslider-memepaspeur-1-iframe-0\" width=\"960\" height=\"600\" src=\"\/\/www.youtube.com\/embed\/wXMUeOnVC30?wmode=transparent&rel=0\" frameborder=\"0\" allowfullscreen><\/iframe> <\/div> <\/div> <div class=\"cycloneslider-pager\"><\/div> <a href=\"#\" class=\"cycloneslider-prev\"> <span class=\"arrow\"><\/span> <\/a> <a href=\"#\" class=\"cycloneslider-next\"> <span class=\"arrow\"><\/span> <\/a> <\/div>\n<p>C&rsquo;est la deuxi\u00e8me fois que nous participons au concours, pour la premi\u00e8re et le th\u00e8me \u00ab\u00a0Dimanche, tous les jours\u00a0\u00bb nous \u00e9tions all\u00e9s dans le Nord de la France \u00e0 la rencontre de <a href=\"http:\/\/lynx-medias.fr\/site\/dimanche-herzeele\/\">Jean-Luc et du Caf\u00e9 des Orgues<\/a>&#8230;<\/p>\n<p>Pour cette deuxi\u00e8me participation, nous avons \u00e9t\u00e9 pr\u00e9s\u00e9lectionn\u00e9s, mais n&rsquo;avons pas franchi la barre de la s\u00e9lection finale.<\/p>\n","protected":false},"excerpt":{"rendered":"<p>France2 a r\u00e9cemment lanc\u00e9 une nouvelle \u00e9dition de son concours de courts-m\u00e9trages documentaires Infracourts. Le nouveau th\u00e8me : # M\u00eamePasPeur A Paris, les murs du quartier du Canal Saint Martin accueillent depuis longtemps des \u0153uvres \u00e9ph\u00e9m\u00e8res, dessins de graffeurs professionnels ou de simples quidams. Avec les attentats de novembre 2015, ils se sont couverts d&rsquo;hommages et d&rsquo;appels \u00e0 la r\u00e9sistance. Ils disent la barbarie, le choc et la douleur et affirment aussi le d\u00e9sir de libert\u00e9, de convivialit\u00e9 et de fraternit\u00e9, ainsi qu&rsquo;un \u00e9lan de vie renouvel\u00e9. Avec Sandrine Tournigand, nous avons relev\u00e9 le d\u00e9fi du court-m\u00e9trage documentaire en faisant<\/p>\n","protected":false},"author":1,"featured_media":846,"comment_status":"open","ping_status":"open","sticky":false,"template":"","format":"standard","meta":[],"categories":[12,55],"tags":[],"_links":{"self":[{"href":"http:\/\/lynx-medias.fr\/site\/wp-json\/wp\/v2\/posts\/841"}],"collection":[{"href":"http:\/\/lynx-medias.fr\/site\/wp-json\/wp\/v2\/posts"}],"about":[{"href":"http:\/\/lynx-medias.fr\/site\/wp-json\/wp\/v2\/types\/post"}],"author":[{"embeddable":true,"href":"http:\/\/lynx-medias.fr\/site\/wp-json\/wp\/v2\/users\/1"}],"replies":[{"embeddable":true,"href":"http:\/\/lynx-medias.fr\/site\/wp-json\/wp\/v2\/comments?post=841"}],"version-history":[{"count":5,"href":"http:\/\/lynx-medias.fr\/site\/wp-json\/wp\/v2\/posts\/841\/revisions"}],"predecessor-version":[{"id":887,"href":"http:\/\/lynx-medias.fr\/site\/wp-json\/wp\/v2\/posts\/841\/revisions\/887"}],"wp:featuredmedia":[{"embeddable":true,"href":"http:\/\/lynx-medias.fr\/site\/wp-json\/wp\/v2\/media\/846"}],"wp:attachment":[{"href":"http:\/\/lynx-medias.fr\/site\/wp-json\/wp\/v2\/media?parent=841"}],"wp:term":[{"taxonomy":"category","embeddable":true,"href":"http:\/\/lynx-medias.fr\/site\/wp-json\/wp\/v2\/categories?post=841"},{"taxonomy":"post_tag","embeddable":true,"href":"http:\/\/lynx-medias.fr\/site\/wp-json\/wp\/v2\/tags?post=841"}],"curies":[{"name":"wp","href":"https:\/\/api.w.org\/{rel}","templated":true}]}}