{"id":1282,"date":"2024-11-27T19:06:24","date_gmt":"2024-11-27T18:06:24","guid":{"rendered":"https:\/\/lynx-medias.fr\/site\/?p=1282"},"modified":"2024-11-27T19:06:26","modified_gmt":"2024-11-27T18:06:26","slug":"blanchissement-des-coraux-lutter-contre-le-rechauffement","status":"publish","type":"post","link":"http:\/\/lynx-medias.fr\/site\/blanchissement-des-coraux-lutter-contre-le-rechauffement\/","title":{"rendered":"Blanchissement des coraux : il faut lutter contre le r\u00e9chauffement"},"content":{"rendered":"\n<h4>Un nouvel \u00e9pisode de blanchissement des coraux a commenc\u00e9 au d\u00e9but de l\u2019ann\u00e9e 2023 \u00e0 l&rsquo;\u00e9chelle globale, et \u00e0 l&rsquo;\u00e9t\u00e9 2024 il ne faiblissait pas. C&rsquo;est le quatri\u00e8me recens\u00e9 \u00e0 ce jour\u00a0; ce ph\u00e9nom\u00e8ne naturel s\u2019acc\u00e9l\u00e8re. Le premier avait \u00e9t\u00e9 not\u00e9 en 1996, le second en 2010, le troisi\u00e8me sur la p\u00e9riode 2014-2017.<\/h4>\n\n\n\n<h5><em>Cet article a \u00e9t\u00e9 r\u00e9dig\u00e9 pour le journal \u00c9nergie Plus. Je ne publie ici que quelques extraits. Il est \u00e0 lire en int\u00e9gralit\u00e9 dans le journal <a href=\"https:\/\/www.energie-plus.com\/coraux-il-faut-poursuivre-la-lutte-contre-le-rechauffement\">https:\/\/www.energie-plus.com\/coraux-il-faut-poursuivre-la-lutte-contre-le-rechauffement<\/a><\/em><\/h5>\n\n\n\n<p>La France h\u00e9berge environ 10\u00a0% des r\u00e9cifs coralliens du monde, dans les eaux de ses D\u00e9partements et Territoires d\u2019Outre-mer des oc\u00e9ans Atlantique, Pacifique et Indien. Pour les prot\u00e9ger, la France a cr\u00e9\u00e9 en 1999 l\u2019Initiative Fran\u00e7aise pour les R\u00e9cifs Coralliens (Ifrecor). Ses observations sont sans appel. \u00ab\u00a0Apr\u00e8s l\u2019\u00e9t\u00e9 2023, la situation de blanchissement des coraux en Guadeloupe est catastrophique. En Martinique, 34\u00a0% du corail est mort. En 2024, c\u2019est la c\u00f4te est de la Nouvelle-Cal\u00e9donie qui a subi un blanchissement massif\u00a0\u00bb, d\u00e9taillait lors d&rsquo;un webinaire de l&rsquo;<a href=\"https:\/\/icriforum.org\/\">International Coral Reef Initiative (ICRI)<\/a> Antoine Pebayle, charg\u00e9 de mission biodiversit\u00e9 marine et r\u00e9cifs coralliens au minist\u00e8re fran\u00e7ais de la Transition \u00e9cologique.<\/p>\n\n\n\n<figure class=\"wp-block-image size-full\"><a href=\"https:\/\/lynx-medias.fr\/site\/wp-content\/uploads\/2024\/11\/CorailBlanchi-.jpg\"><img loading=\"lazy\" width=\"1000\" height=\"667\" src=\"https:\/\/lynx-medias.fr\/site\/wp-content\/uploads\/2024\/11\/CorailBlanchi-.jpg\" alt=\"\" class=\"wp-image-1286\" srcset=\"http:\/\/lynx-medias.fr\/site\/wp-content\/uploads\/2024\/11\/CorailBlanchi-.jpg 1000w, http:\/\/lynx-medias.fr\/site\/wp-content\/uploads\/2024\/11\/CorailBlanchi--300x200.jpg 300w, http:\/\/lynx-medias.fr\/site\/wp-content\/uploads\/2024\/11\/CorailBlanchi--768x512.jpg 768w, http:\/\/lynx-medias.fr\/site\/wp-content\/uploads\/2024\/11\/CorailBlanchi--600x400.jpg 600w\" sizes=\"(max-width: 1000px) 100vw, 1000px\" \/><\/a><figcaption>Cr\u00e9dit photo : Julien Wickel\/MAREX<\/figcaption><\/figure>\n\n\n\n<h4>Tous les r\u00e9cifs impact\u00e9s par un blanchissement des coraux<\/h4>\n\n\n\n<p>M\u00eame si l\u2019accord de Paris \u00e9tait respect\u00e9 et la hausse des temp\u00e9ratures contenue \u00e0 1,5\u00a0\u00b0C d\u2019ici 2100, <strong>60 \u00e0 90\u00a0% des r\u00e9cifs pourraient quand m\u00eame \u00eatre impact\u00e9s.<\/strong> Si l\u2019on est \u00e0 plus de 2\u00a0\u00b0C, <strong>tous devraient l\u2019\u00eatre.<\/strong><\/p>\n\n\n\n<p>Le principal moyen de cesser le ph\u00e9nom\u00e8ne de d\u00e9p\u00e9rissement des coraux est donc d\u2019acc\u00e9l\u00e9rer les efforts mondiaux de r\u00e9duction des \u00e9missions de gaz \u00e0 effet de serre (GES) pour freiner le r\u00e9chauffement des eaux. Cela permettra aussi de diminuer la fr\u00e9quence et la puissance des \u00e9v\u00e9nements climatiques extr\u00eames. Ces derniers mettent en effet eux aussi les coraux \u00e0 rude \u00e9preuve.<\/p>\n","protected":false},"excerpt":{"rendered":"<p>\u00ab\u00a0Apr\u00e8s l\u2019\u00e9t\u00e9 2023, la situation de blanchissement des coraux en Guadeloupe est catastrophique. En Martinique, 34\u00a0% du corail est mort. En 2024, c\u2019est la c\u00f4te est de la Nouvelle-Cal\u00e9donie qui a subi un blanchissement massif\u00a0\u00bb<\/p>\n","protected":false},"author":1,"featured_media":1287,"comment_status":"open","ping_status":"open","sticky":false,"template":"","format":"standard","meta":[],"categories":[20],"tags":[100,105,104,98,102,103,99,106,101],"_links":{"self":[{"href":"http:\/\/lynx-medias.fr\/site\/wp-json\/wp\/v2\/posts\/1282"}],"collection":[{"href":"http:\/\/lynx-medias.fr\/site\/wp-json\/wp\/v2\/posts"}],"about":[{"href":"http:\/\/lynx-medias.fr\/site\/wp-json\/wp\/v2\/types\/post"}],"author":[{"embeddable":true,"href":"http:\/\/lynx-medias.fr\/site\/wp-json\/wp\/v2\/users\/1"}],"replies":[{"embeddable":true,"href":"http:\/\/lynx-medias.fr\/site\/wp-json\/wp\/v2\/comments?post=1282"}],"version-history":[{"count":5,"href":"http:\/\/lynx-medias.fr\/site\/wp-json\/wp\/v2\/posts\/1282\/revisions"}],"predecessor-version":[{"id":1289,"href":"http:\/\/lynx-medias.fr\/site\/wp-json\/wp\/v2\/posts\/1282\/revisions\/1289"}],"wp:featuredmedia":[{"embeddable":true,"href":"http:\/\/lynx-medias.fr\/site\/wp-json\/wp\/v2\/media\/1287"}],"wp:attachment":[{"href":"http:\/\/lynx-medias.fr\/site\/wp-json\/wp\/v2\/media?parent=1282"}],"wp:term":[{"taxonomy":"category","embeddable":true,"href":"http:\/\/lynx-medias.fr\/site\/wp-json\/wp\/v2\/categories?post=1282"},{"taxonomy":"post_tag","embeddable":true,"href":"http:\/\/lynx-medias.fr\/site\/wp-json\/wp\/v2\/tags?post=1282"}],"curies":[{"name":"wp","href":"https:\/\/api.w.org\/{rel}","templated":true}]}}