{"id":1272,"date":"2024-09-17T17:06:52","date_gmt":"2024-09-17T16:06:52","guid":{"rendered":"http:\/\/lynx-medias.fr\/site\/?p=1272"},"modified":"2025-09-17T09:30:55","modified_gmt":"2025-09-17T08:30:55","slug":"decouvrez-face-a-face-un-documentaire-sur-les-violences","status":"publish","type":"post","link":"http:\/\/lynx-medias.fr\/site\/decouvrez-face-a-face-un-documentaire-sur-les-violences\/","title":{"rendered":"D\u00e9couvrez le film Face \u00e0 face"},"content":{"rendered":"\n<blockquote class=\"wp-block-quote\"><p>Face \u00e0 face : un documentaire sur les violences faites aux femmes.<\/p><p>Neuf femmes de milieux sociaux, de cultures et d&rsquo;\u00e2ges diff\u00e9rents s&rsquo;expriment, par la parole ou par la danse, sur les violences qu&rsquo;elles ont subi dans leurs corps pour le simple fait d&rsquo;\u00eatre fille ou femme. Dans leurs slams et leurs chor\u00e9graphies, elles expriment leur douleur, leur r\u00e9volte et leur r\u00e9silience.<\/p><\/blockquote>\n\n\n\n<p>Le film Face \u00e0 face en a mis du temps avant de voir le jour! <\/p>\n\n\n\n<p>J&rsquo;ai organis\u00e9 les ateliers qui ont permis aux neuf participantes (dont moi-m\u00eame) de donner jour \u00e0 leurs textes et \u00e0 leurs chor\u00e9graphies au <a href=\"https:\/\/csrelais59.org\/\">Relais 59<\/a>, au c\u0153ur de Paris, en 2022. A l&rsquo;\u00e9t\u00e9 2022, nous avons film\u00e9 les participantes. Puis est venu le temps du montage. J&rsquo;ai d&rsquo;abord tent\u00e9 de m&rsquo;en sortir seule, mais j&rsquo;\u00e9tais trop impliqu\u00e9e, je manquais cruellement de recul. Puis j&rsquo;ai \u00e9t\u00e9 aid\u00e9e par <a href=\"https:\/\/www.linkedin.com\/in\/benjamin-plet-17831215?originalSubdomain=fr\">Benjamin Plet<\/a> et le film a commenc\u00e9 \u00e0 voir le jour. <\/p>\n\n\n\n<h4>Enfin, au printemps 2023, j&rsquo;ai pu organiser une projection pour les participantes au <a href=\"https:\/\/cl-aligre.org\/\">caf\u00e9 La Commune d&rsquo;Aligre<\/a>. <\/h4>\n\n\n\n<figure class=\"wp-block-image size-large\"><a href=\"http:\/\/lynx-medias.fr\/site\/wp-content\/uploads\/2024\/09\/IMG_2960-scaled.jpg\"><img loading=\"lazy\" width=\"1024\" height=\"683\" src=\"http:\/\/lynx-medias.fr\/site\/wp-content\/uploads\/2024\/09\/IMG_2960-1024x683.jpg\" alt=\"\" class=\"wp-image-1276\" srcset=\"http:\/\/lynx-medias.fr\/site\/wp-content\/uploads\/2024\/09\/IMG_2960-1024x683.jpg 1024w, http:\/\/lynx-medias.fr\/site\/wp-content\/uploads\/2024\/09\/IMG_2960-300x200.jpg 300w, http:\/\/lynx-medias.fr\/site\/wp-content\/uploads\/2024\/09\/IMG_2960-768x512.jpg 768w, http:\/\/lynx-medias.fr\/site\/wp-content\/uploads\/2024\/09\/IMG_2960-600x400.jpg 600w, http:\/\/lynx-medias.fr\/site\/wp-content\/uploads\/2024\/09\/IMG_2960-1536x1024.jpg 1536w, http:\/\/lynx-medias.fr\/site\/wp-content\/uploads\/2024\/09\/IMG_2960-2048x1365.jpg 2048w\" sizes=\"(max-width: 1024px) 100vw, 1024px\" \/><\/a><figcaption>Documentaire sur les violences faites aux femmes : une partie des participantes lors de la projection de restitution. Et <a href=\"https:\/\/www.mollat.com\/livres\/2596266\/marie-martias-paroles-de-femmes-slam-au-feminin\">Marie Martias<\/a>, qui a anim\u00e9 les ateliers de slam !<\/figcaption><\/figure>\n\n\n\n<p>Mais le film \u00e9tait encore un peu imparfait. <a href=\"https:\/\/www.femmesalacamera.com\/membres-collectif\/briault-catherine\">Catherine Briault<\/a>, la cheffe op&rsquo;, a d\u00e9cid\u00e9 de m&rsquo;aider \u00e0 finaliser l&rsquo;\u00e9talonnage. C&rsquo;est un travail de fourmi sur les couleurs, le contraste, le grain, qui permet de rendre l&rsquo;image plus belle. Et je l&rsquo;en remercie infiniment! Et voil\u00e0, le film est enfin disponible \u00e0 la diffusion!<\/p>\n\n\n\n<figure class=\"wp-block-image size-large\"><a href=\"http:\/\/lynx-medias.fr\/site\/wp-content\/uploads\/2024\/09\/IMG_3963-scaled.jpg\"><img loading=\"lazy\" width=\"1024\" height=\"683\" src=\"http:\/\/lynx-medias.fr\/site\/wp-content\/uploads\/2024\/09\/IMG_3963-1024x683.jpg\" alt=\"\" class=\"wp-image-1274\" srcset=\"http:\/\/lynx-medias.fr\/site\/wp-content\/uploads\/2024\/09\/IMG_3963-1024x683.jpg 1024w, http:\/\/lynx-medias.fr\/site\/wp-content\/uploads\/2024\/09\/IMG_3963-300x200.jpg 300w, http:\/\/lynx-medias.fr\/site\/wp-content\/uploads\/2024\/09\/IMG_3963-768x512.jpg 768w, http:\/\/lynx-medias.fr\/site\/wp-content\/uploads\/2024\/09\/IMG_3963-600x400.jpg 600w, http:\/\/lynx-medias.fr\/site\/wp-content\/uploads\/2024\/09\/IMG_3963-1536x1024.jpg 1536w, http:\/\/lynx-medias.fr\/site\/wp-content\/uploads\/2024\/09\/IMG_3963-2048x1365.jpg 2048w\" sizes=\"(max-width: 1024px) 100vw, 1024px\" \/><\/a><figcaption>Un documentaire et un d\u00e9bat pour sensibiliser les jeunes aux violences faites aux femmes<\/figcaption><\/figure>\n\n\n\n<p>J&rsquo;aimerais que ce documentaire sur les violences faites aux femmes soit vu dans une multitude de lieux, et notamment des \u00e9tablissements scolaires. Nous l&rsquo;avons montr\u00e9 \u00e0 Sevran avec l&rsquo;<a href=\"https:\/\/sunshineasso.org\/\">association Sunshine<\/a>, \u00e0 des classes de 3\u00e8me. Ce fut une projection passionnante. Les jeunes ont \u00e9t\u00e9 intrigu\u00e9s par le film, interpell\u00e9s par le \u00ab\u00a0violentom\u00e8tre\u00a0\u00bb distribu\u00e9 par Evelyne, cr\u00e9atrice de l&rsquo;association. Ouvrons le dialogue, d\u00e8s cet \u00e2ge essentiel de la fin de l&rsquo;adolescence et des premiers couples.<\/p>\n\n\n\n<p>N&rsquo;h\u00e9sitez pas \u00e0 me contacter pour cela! De pr\u00e9f\u00e9rence sur mon mail <a href=\"mailto:carolinemorange@yahoo.fr\">carolinemorange @ yahoo .   fr<\/a><\/p>\n","protected":false},"excerpt":{"rendered":"<p>Neuf femmes de milieux sociaux, de cultures et d&rsquo;\u00e2ges diff\u00e9rents s&rsquo;expriment, par la parole ou par la danse, sur les violences qu&rsquo;elles ont subi dans leurs corps pour le simple fait d&rsquo;\u00eatre fille ou femme. Dans leurs slams et leurs chor\u00e9graphies, elles expriment leur douleur, leur r\u00e9volte et leur r\u00e9silience.<\/p>\n","protected":false},"author":1,"featured_media":1277,"comment_status":"open","ping_status":"open","sticky":false,"template":"","format":"standard","meta":[],"categories":[12,1],"tags":[90,68,81,97,88,96],"_links":{"self":[{"href":"http:\/\/lynx-medias.fr\/site\/wp-json\/wp\/v2\/posts\/1272"}],"collection":[{"href":"http:\/\/lynx-medias.fr\/site\/wp-json\/wp\/v2\/posts"}],"about":[{"href":"http:\/\/lynx-medias.fr\/site\/wp-json\/wp\/v2\/types\/post"}],"author":[{"embeddable":true,"href":"http:\/\/lynx-medias.fr\/site\/wp-json\/wp\/v2\/users\/1"}],"replies":[{"embeddable":true,"href":"http:\/\/lynx-medias.fr\/site\/wp-json\/wp\/v2\/comments?post=1272"}],"version-history":[{"count":4,"href":"http:\/\/lynx-medias.fr\/site\/wp-json\/wp\/v2\/posts\/1272\/revisions"}],"predecessor-version":[{"id":1280,"href":"http:\/\/lynx-medias.fr\/site\/wp-json\/wp\/v2\/posts\/1272\/revisions\/1280"}],"wp:featuredmedia":[{"embeddable":true,"href":"http:\/\/lynx-medias.fr\/site\/wp-json\/wp\/v2\/media\/1277"}],"wp:attachment":[{"href":"http:\/\/lynx-medias.fr\/site\/wp-json\/wp\/v2\/media?parent=1272"}],"wp:term":[{"taxonomy":"category","embeddable":true,"href":"http:\/\/lynx-medias.fr\/site\/wp-json\/wp\/v2\/categories?post=1272"},{"taxonomy":"post_tag","embeddable":true,"href":"http:\/\/lynx-medias.fr\/site\/wp-json\/wp\/v2\/tags?post=1272"}],"curies":[{"name":"wp","href":"https:\/\/api.w.org\/{rel}","templated":true}]}}